{"id":5553,"date":"2025-11-05T12:29:27","date_gmt":"2025-11-05T10:29:27","guid":{"rendered":"https:\/\/rocateo.ubbcluj.ro\/?p=5553"},"modified":"2025-11-05T12:31:15","modified_gmt":"2025-11-05T10:31:15","slug":"augustinianum-konferenciak-i","status":"publish","type":"post","link":"https:\/\/rocateo.ubbcluj.ro\/hu\/2025\/11\/05\/augustinianum-konferenciak-i\/","title":{"rendered":"Augustinianum Konferenci\u00e1k I."},"content":{"rendered":"\t\t<div data-elementor-type=\"wp-post\" data-elementor-id=\"5553\" class=\"elementor elementor-5553\">\n\t\t\t\t\t\t<section class=\"elementor-section elementor-top-section elementor-element elementor-element-e6a3f99 elementor-section-boxed elementor-section-height-default elementor-section-height-default wpr-particle-no wpr-jarallax-no wpr-parallax-no wpr-sticky-section-no wpr-equal-height-no\" data-id=\"e6a3f99\" data-element_type=\"section\" data-e-type=\"section\">\n\t\t\t\t\t\t<div class=\"elementor-container elementor-column-gap-default\">\n\t\t\t\t\t<div class=\"elementor-column elementor-col-100 elementor-top-column elementor-element elementor-element-d44d54b\" data-id=\"d44d54b\" data-element_type=\"column\" data-e-type=\"column\">\n\t\t\t<div class=\"elementor-widget-wrap elementor-element-populated\">\n\t\t\t\t\t\t<div class=\"elementor-element elementor-element-d097490 elementor-widget elementor-widget-text-editor\" data-id=\"d097490\" data-element_type=\"widget\" data-e-type=\"widget\" data-widget_type=\"text-editor.default\">\n\t\t\t\t<div class=\"elementor-widget-container\">\n\t\t\t\t\t\t\t\t\t<p>P\u00e9nteken, 2025. november 7-\u00e9n du. 16 \u00f3r\u00e1t\u00f3l ker\u00fcl sor az Augustinianum Konferencia-sorozat els\u0151 kiad\u00e1s\u00e1ra a R\u00f3mai Katolikus Teol\u00f3gia Kar- BBTE M\u00e1rton \u00c1ron term\u00e9ben (Kolozsv\u00e1r, Szentegyh\u00e1z\/Iuliu Maniu utca, 5. sz.). Az els\u0151 konferenci\u00e1nk t\u00e9m\u00e1ja: <b>Mozaikkock\u00e1k a St\u00e1tus m\u00faltj\u00e1b\u00f3l<\/b>. Az \u00e9rdekl\u0151d\u0151k h\u00e1rom el\u0151ad\u00e1st hallgatnak meg: Holl\u00f3 L\u00e1szl\u00f3 egyetemi tan\u00e1r &#8222;A meg\u00e9lt szinodalit\u00e1s tapasztalatai. A vil\u00e1gi h\u00edvek egyh\u00e1zkorm\u00e1nyzati tev\u00e9kenys\u00e9g\u00e9nek kezdetei az erd\u00e9lyi egyh\u00e1zmegy\u00e9ben&#8221; c\u00edmmel besz\u00e9l a St\u00e1tus kezdeti id\u0151szak\u00e1r\u00f3l. Ut\u00e1na T\u00f3th Kriszti\u00e1n f\u0151egyh\u00e1zmegyei lev\u00e9lt\u00e1ros &#8222;Az Erd\u00e9lyi R\u00f3mai Katolikus St\u00e1tus a dualizmus kori magyar sajt\u00f3ban&#8221; c. el\u0151ad\u00e1s\u00e1ban a St\u00e1tus k\u00f6z\u00e9leti arculat\u00e1t vizsg\u00e1lja. V\u00e9g\u00fcl Andr\u00e1s Szabolcs adjunktus Gy\u00e1rf\u00e1s Elem\u00e9r St\u00e1tus-vezet\u0151 \u00fcgyv\u00e9d \u00e9s szen\u00e1tor \u00e9let\u00fatj\u00e1t, valamit a Konkord\u00e1tummal kapcsolatos t\u00e1rgyal\u00e1sokban bet\u00f6lt\u00f6tt szerep\u00e9t v\u00e1zolja fel. Az el\u0151ad\u00e1sokat r\u00f6vid besz\u00e9lget\u00e9s k\u00f6veti.\u00a0<\/p><p>A rendezv\u00e9ny d\u00edjtalan, mindenkit szeretettel v\u00e1runk!\u00a0<\/p><p>A szakkoll\u00e9gium facebook oldala: <span style=\"text-decoration: underline\">https:\/\/www.facebook.com\/collegiumaugustinianumszakkollegium<\/span><\/p><p><span style=\"text-decoration: underline\"><img decoding=\"async\" src=\"https:\/\/rocateo.ubbcluj.ro\/wp-content\/uploads\/2025\/11\/574461448_1352937139955847_7418718151753238982_n.jpg\" \/><\/span><\/p>\t\t\t\t\t\t\t\t<\/div>\n\t\t\t\t<\/div>\n\t\t\t\t\t<\/div>\n\t\t<\/div>\n\t\t\t\t\t<\/div>\n\t\t<\/section>\n\t\t\t\t<\/div>\n\t\t","protected":false},"excerpt":{"rendered":"<p>P\u00e9nteken, 2025. november 7-\u00e9n du. 16 \u00f3r\u00e1t\u00f3l ker\u00fcl sor az Augustinianum Konferencia-sorozat els\u0151 kiad\u00e1s\u00e1ra a R\u00f3mai Katolikus Teol\u00f3gia Kar- BBTE M\u00e1rton \u00c1ron term\u00e9ben (Kolozsv\u00e1r, Szentegyh\u00e1z\/Iuliu Maniu utca, 5. sz.). Az els\u0151 konferenci\u00e1nk t\u00e9m\u00e1ja: Mozaikkock\u00e1k a St\u00e1tus m\u00faltj\u00e1b\u00f3l. Az \u00e9rdekl\u0151d\u0151k h\u00e1rom el\u0151ad\u00e1st hallgatnak meg: Holl\u00f3 L\u00e1szl\u00f3 egyetemi tan\u00e1r &#8222;A meg\u00e9lt szinodalit\u00e1s tapasztalatai. A vil\u00e1gi h\u00edvek egyh\u00e1zkorm\u00e1nyzati tev\u00e9kenys\u00e9g\u00e9nek kezdetei az erd\u00e9lyi egyh\u00e1zmegy\u00e9ben&#8221; c\u00edmmel besz\u00e9l a St\u00e1tus kezdeti id\u0151szak\u00e1r\u00f3l. Ut\u00e1na T\u00f3th Kriszti\u00e1n f\u0151egyh\u00e1zmegyei lev\u00e9lt\u00e1ros &#8222;Az Erd\u00e9lyi R\u00f3mai Katolikus St\u00e1tus a dualizmus kori magyar sajt\u00f3ban&#8221; c. el\u0151ad\u00e1s\u00e1ban a St\u00e1tus k\u00f6z\u00e9leti arculat\u00e1t vizsg\u00e1lja. V\u00e9g\u00fcl Andr\u00e1s Szabolcs adjunktus Gy\u00e1rf\u00e1s Elem\u00e9r St\u00e1tus-vezet\u0151 \u00fcgyv\u00e9d \u00e9s szen\u00e1tor \u00e9let\u00fatj\u00e1t, valamit a Konkord\u00e1tummal kapcsolatos t\u00e1rgyal\u00e1sokban bet\u00f6lt\u00f6tt szerep\u00e9t v\u00e1zolja fel. Az el\u0151ad\u00e1sokat r\u00f6vid besz\u00e9lget\u00e9s k\u00f6veti.\u00a0 A rendezv\u00e9ny d\u00edjtalan, mindenkit szeretettel v\u00e1runk!\u00a0 A szakkoll\u00e9gium facebook oldala: https:\/\/www.facebook.com\/collegiumaugustinianumszakkollegium<\/p>\n","protected":false},"author":2,"featured_media":0,"comment_status":"closed","ping_status":"closed","sticky":false,"template":"","format":"standard","meta":{"site-sidebar-layout":"default","site-content-layout":"","ast-site-content-layout":"default","site-content-style":"default","site-sidebar-style":"default","ast-global-header-display":"","ast-banner-title-visibility":"","ast-main-header-display":"","ast-hfb-above-header-display":"","ast-hfb-below-header-display":"","ast-hfb-mobile-header-display":"","site-post-title":"","ast-breadcrumbs-content":"","ast-featured-img":"","footer-sml-layout":"","ast-disable-related-posts":"","theme-transparent-header-meta":"","adv-header-id-meta":"","stick-header-meta":"","header-above-stick-meta":"","header-main-stick-meta":"","header-below-stick-meta":"","astra-migrate-meta-layouts":"set","ast-page-background-enabled":"default","ast-page-background-meta":{"desktop":{"background-color":"var(--ast-global-color-4)","background-image":"","background-repeat":"repeat","background-position":"center center","background-size":"auto","background-attachment":"scroll","background-type":"","background-media":"","overlay-type":"","overlay-color":"","overlay-opacity":"","overlay-gradient":""},"tablet":{"background-color":"","background-image":"","background-repeat":"repeat","background-position":"center center","background-size":"auto","background-attachment":"scroll","background-type":"","background-media":"","overlay-type":"","overlay-color":"","overlay-opacity":"","overlay-gradient":""},"mobile":{"background-color":"","background-image":"","background-repeat":"repeat","background-position":"center center","background-size":"auto","background-attachment":"scroll","background-type":"","background-media":"","overlay-type":"","overlay-color":"","overlay-opacity":"","overlay-gradient":""}},"ast-content-background-meta":{"desktop":{"background-color":"var(--ast-global-color-5)","background-image":"","background-repeat":"repeat","background-position":"center center","background-size":"auto","background-attachment":"scroll","background-type":"","background-media":"","overlay-type":"","overlay-color":"","overlay-opacity":"","overlay-gradient":""},"tablet":{"background-color":"var(--ast-global-color-5)","background-image":"","background-repeat":"repeat","background-position":"center center","background-size":"auto","background-attachment":"scroll","background-type":"","background-media":"","overlay-type":"","overlay-color":"","overlay-opacity":"","overlay-gradient":""},"mobile":{"background-color":"var(--ast-global-color-5)","background-image":"","background-repeat":"repeat","background-position":"center center","background-size":"auto","background-attachment":"scroll","background-type":"","background-media":"","overlay-type":"","overlay-color":"","overlay-opacity":"","overlay-gradient":""}},"_jetpack_memberships_contains_paid_content":false,"footnotes":""},"categories":[1],"tags":[],"class_list":["post-5553","post","type-post","status-publish","format-standard","hentry","category-uncategorized"],"jetpack_featured_media_url":"","jetpack_sharing_enabled":true,"_links":{"self":[{"href":"https:\/\/rocateo.ubbcluj.ro\/hu\/wp-json\/wp\/v2\/posts\/5553","targetHints":{"allow":["GET"]}}],"collection":[{"href":"https:\/\/rocateo.ubbcluj.ro\/hu\/wp-json\/wp\/v2\/posts"}],"about":[{"href":"https:\/\/rocateo.ubbcluj.ro\/hu\/wp-json\/wp\/v2\/types\/post"}],"author":[{"embeddable":true,"href":"https:\/\/rocateo.ubbcluj.ro\/hu\/wp-json\/wp\/v2\/users\/2"}],"replies":[{"embeddable":true,"href":"https:\/\/rocateo.ubbcluj.ro\/hu\/wp-json\/wp\/v2\/comments?post=5553"}],"version-history":[{"count":6,"href":"https:\/\/rocateo.ubbcluj.ro\/hu\/wp-json\/wp\/v2\/posts\/5553\/revisions"}],"predecessor-version":[{"id":5562,"href":"https:\/\/rocateo.ubbcluj.ro\/hu\/wp-json\/wp\/v2\/posts\/5553\/revisions\/5562"}],"wp:attachment":[{"href":"https:\/\/rocateo.ubbcluj.ro\/hu\/wp-json\/wp\/v2\/media?parent=5553"}],"wp:term":[{"taxonomy":"category","embeddable":true,"href":"https:\/\/rocateo.ubbcluj.ro\/hu\/wp-json\/wp\/v2\/categories?post=5553"},{"taxonomy":"post_tag","embeddable":true,"href":"https:\/\/rocateo.ubbcluj.ro\/hu\/wp-json\/wp\/v2\/tags?post=5553"}],"curies":[{"name":"wp","href":"https:\/\/api.w.org\/{rel}","templated":true}]}}